{"id":18009,"date":"2023-04-26T08:00:32","date_gmt":"2023-04-26T07:00:32","guid":{"rendered":"https:\/\/c01.purpledshub.com\/alh-editor\/?p=18009"},"modified":"2023-05-30T09:03:53","modified_gmt":"2023-05-30T07:03:53","slug":"warum-die-generation-y-die-richtige-zielgruppe-fuer-das-thema-pflege-ist","status":"publish","type":"post","link":"https:\/\/c01.purpledshub.com\/alh-editor\/2023\/04\/26\/warum-die-generation-y-die-richtige-zielgruppe-fuer-das-thema-pflege-ist\/","title":{"rendered":"Warum die Generation Y die richtige Zielgruppe f\u00fcr das Thema Pflege ist"},"content":{"rendered":"\n<h2 id=\"h-wer-geh-rt-zur-generation-y-und-wie-tickt-sie\">Wer geh\u00f6rt zur Generation Y und wie tickt sie?<\/h2>\n\n\n\n<p>Kunden, die zur sogenannten Generation Y geh\u00f6ren, sind zwischen den Jahren 1981 und 1998 geboren. Ein anderer Begriff f\u00fcr diese Altersgruppe ist Millennials.<br><br>Unter den Millennials liegt der Fokus insbesondere auf der eigenen Ausbildung, der Karriere und der pers\u00f6nlichen Weiterentwicklung. Es wird sp\u00e4ter geheiratet im Vergleich zu den Eltern und Gro\u00dfeltern. Millennials-Familien haben in der Regel nicht mehr als 1 bis 2 Kinder.<\/p>\n\n\n\n<h2 id=\"h-warum-ist-die-generation-y-eine-gute-zielgruppe-f-r-das-thema-pflegezusatzversicherung\">Warum ist die Generation Y eine gute Zielgruppe f\u00fcr das Thema Pflegezusatzversicherung?<\/h2>\n\n\n\n<p>Die Generation Y ist nach der Generation X die zweitgr\u00f6\u00dfte Bev\u00f6lkerungsgruppe in Deutschland<sup>1<\/sup> . Das Bewusstsein f\u00fcr das Thema Pflege zu schaffen, ist immens wichtig. Die Zahl der Pflegebed\u00fcrftigen hat sich in Deutschland mehr als verdoppelt und jeder vierte Pflegebed\u00fcrftige ist unter 65 Jahre alt<sup>2<\/sup>.<br><br>Im Pflegefall (Pflegegrade 2 bis 5) entsteht nach Leistung aus der gesetzlichen Pflegeversicherung eine voraussichtliche monatliche Kostendifferenz zwischen 2.000 \u20ac und 3.000 \u20ac. Diese Kosten m\u00fcssen Ihre Kunden zun\u00e4chst selber tragen.<\/p>\n\n\n\n<h2 id=\"h-wie-kann-die-generation-y-f-r-das-thema-pflegezusatzversicherung-sensibilisiert-werden\">Wie kann die Generation Y f\u00fcr das Thema Pflegezusatzversicherung sensibilisiert werden?<\/h2>\n\n\n\n<p>Wenn Sie das Thema Pflegezusatzversicherung ansprechen, k\u00f6nnen Sie mit wichtigen Argumenten punkten:<\/p>\n\n\n<figure><img src=\"https:\/\/c01.purpledshub.com\/alh-editor\/wp-content\/themes\/alh\/assets\/img\/previews\/alh-accordion.jpeg\"><\/figure>\n\n\n<h2 id=\"h-wie-erreichen-sie-die-generation-y\">Wie erreichen Sie die Generation Y?<\/h2>\n\n\n\n<p>Neben der regelm\u00e4\u00dfigen Ansprache in der Beratung oder einer Kundenselektion im eigenen Bestand ist die Ansprache \u00fcber Online-Medien essenziell. <br><br>Die Generation Y ist mit dem Internet aufgewachsen. Sie informiert sich online und nutzt sehr aktiv die sozialen Medien. Zu den wichtigsten Plattformen geh\u00f6ren Instagram, Facebook, Twitter, Snapchat und LinkedIn.<br><br>F\u00fcr eine Ansprache mit dem Produkt Pflegezusatzversicherung eignen sich insbesondere Instagram und Facebook. Instagram ist ein Medium, das sowohl Privatpersonen als auch Firmen nutzen. Ebenso wie die Plattform Facebook, welche in der Generation Y noch eine Relevanz hat. Die j\u00fcngere Generation Z ist auf Facebook jedoch kaum noch zu finden.<\/p>\n\n\n<figure><img src=\"https:\/\/c01.purpledshub.com\/alh-editor\/wp-content\/themes\/alh\/assets\/img\/previews\/alh-image-text-banner.jpeg\"><\/figure>\n\n\n<p><sup>1<\/sup><a href=\"https:\/\/de.statista.com\/statistik\/daten\/studie\/1130193\/umfrage\/bevoelkerung-in-deutschland-nach-gen\nerationen\/#:~:text=Die%20zweitgr%C3%B6%C3%9Fte%2C%20Generation%20Y%2C%20umfasste,r\nund%208%2C15%20Millionen%20Mensche n .\">Statista, Anzahl der Einwohner in Deutschland nach Generationen<\/a> (Zugriff vom 16.03.2023)<\/p>\n\n\n\n<p><sup>2<\/sup> Bundesministerium f\u00fcr Gesundheit 2021. Bundesinstitut f\u00fcr Bev\u00f6lkerungsforschung 2019.<\/p>\n","protected":false},"excerpt":{"rendered":"<p>Die Generation Y ist anspruchsvoll, informiert und selbstbestimmt. So gewinnen Sie sie f\u00fcr das Thema Pflegezusatzversicherung.<\/p>\n","protected":false},"author":7020,"featured_media":18033,"comment_status":"closed","ping_status":"open","sticky":false,"template":"","format":"standard","meta":{"purple_page_number":"","purple_custom_meta_purple_page_number":"","purple_seq_number":"","purple_custom_meta_purple_seq_number":"","purple_source_article":"","purple_custom_meta_purple_source_article":"","purple_source_issue":"","purple_custom_meta_purple_source_issue":"","purple_external_id":"","purple_custom_meta_purple_external_id":"","purple_issue_code":"","purple_custom_meta_purple_issue_code":"","purple_android_product":"","purple_custom_meta_purple_android_product":"","purple_ios_product":"","purple_custom_meta_purple_ios_product":"","purple_web_product":"","purple_custom_meta_purple_web_product":"","purple_publication_id":"","purple_migrated":""},"categories":[149],"tags":[158,200,124],"uagb_featured_image_src":{"full":["https:\/\/c01.purpledshub.com\/uploads\/sites\/89\/2023\/03\/eyeem-100002063-156723231_blaufilter.jpg",1440,650,false],"thumbnail":["https:\/\/c01.purpledshub.com\/uploads\/sites\/89\/2023\/03\/eyeem-100002063-156723231_blaufilter.jpg?resize=150%2C150&crop_strategy=smart",150,150,true],"medium":["https:\/\/c01.purpledshub.com\/uploads\/sites\/89\/2023\/03\/eyeem-100002063-156723231_blaufilter.jpg?fit=300%2C300",300,135,true],"medium_large":["https:\/\/c01.purpledshub.com\/uploads\/sites\/89\/2023\/03\/eyeem-100002063-156723231_blaufilter.jpg?fit=768%2C347",768,347,true],"large":["https:\/\/c01.purpledshub.com\/uploads\/sites\/89\/2023\/03\/eyeem-100002063-156723231_blaufilter.jpg?fit=1024%2C650",1024,462,true],"1536x1536":["https:\/\/c01.purpledshub.com\/uploads\/sites\/89\/2023\/03\/eyeem-100002063-156723231_blaufilter.jpg",1440,650,false],"2048x2048":["https:\/\/c01.purpledshub.com\/uploads\/sites\/89\/2023\/03\/eyeem-100002063-156723231_blaufilter.jpg",1440,650,false],"slider-banner":["https:\/\/c01.purpledshub.com\/uploads\/sites\/89\/2023\/03\/eyeem-100002063-156723231_blaufilter.jpg",1440,650,false],"post-banner":["https:\/\/c01.purpledshub.com\/uploads\/sites\/89\/2023\/03\/eyeem-100002063-156723231_blaufilter.jpg",1440,650,false],"large_image":["https:\/\/c01.purpledshub.com\/uploads\/sites\/89\/2023\/03\/eyeem-100002063-156723231_blaufilter.jpg",1440,650,false],"medium_image":["https:\/\/c01.purpledshub.com\/uploads\/sites\/89\/2023\/03\/eyeem-100002063-156723231_blaufilter.jpg?fit=1024%2C650",1024,462,true],"small_image":["https:\/\/c01.purpledshub.com\/uploads\/sites\/89\/2023\/03\/eyeem-100002063-156723231_blaufilter.jpg?fit=800%2C650",800,361,true]},"uagb_author_info":{"display_name":"aline.aha@hallesche.de","author_link":"https:\/\/c01.purpledshub.com\/alh-editor\/author\/aline-ahahallesche-de\/"},"uagb_comment_info":0,"uagb_excerpt":"Die Generation Y ist anspruchsvoll, informiert und selbstbestimmt. So gewinnen Sie sie f\u00fcr das Thema Pflegezusatzversicherung.","_links":{"self":[{"href":"https:\/\/c01.purpledshub.com\/alh-editor\/wp-json\/wp\/v2\/posts\/18009"}],"collection":[{"href":"https:\/\/c01.purpledshub.com\/alh-editor\/wp-json\/wp\/v2\/posts"}],"about":[{"href":"https:\/\/c01.purpledshub.com\/alh-editor\/wp-json\/wp\/v2\/types\/post"}],"author":[{"embeddable":true,"href":"https:\/\/c01.purpledshub.com\/alh-editor\/wp-json\/wp\/v2\/users\/7020"}],"replies":[{"embeddable":true,"href":"https:\/\/c01.purpledshub.com\/alh-editor\/wp-json\/wp\/v2\/comments?post=18009"}],"version-history":[{"count":40,"href":"https:\/\/c01.purpledshub.com\/alh-editor\/wp-json\/wp\/v2\/posts\/18009\/revisions"}],"predecessor-version":[{"id":18692,"href":"https:\/\/c01.purpledshub.com\/alh-editor\/wp-json\/wp\/v2\/posts\/18009\/revisions\/18692"}],"wp:featuredmedia":[{"embeddable":true,"href":"https:\/\/c01.purpledshub.com\/alh-editor\/wp-json\/wp\/v2\/media\/18033"}],"wp:attachment":[{"href":"https:\/\/c01.purpledshub.com\/alh-editor\/wp-json\/wp\/v2\/media?parent=18009"}],"wp:term":[{"taxonomy":"category","embeddable":true,"href":"https:\/\/c01.purpledshub.com\/alh-editor\/wp-json\/wp\/v2\/categories?post=18009"},{"taxonomy":"post_tag","embeddable":true,"href":"https:\/\/c01.purpledshub.com\/alh-editor\/wp-json\/wp\/v2\/tags?post=18009"}],"curies":[{"name":"wp","href":"https:\/\/api.w.org\/{rel}","templated":true}]}}