{"id":27525,"date":"2024-06-20T06:43:00","date_gmt":"2024-06-20T04:43:00","guid":{"rendered":"https:\/\/c01.purpledshub.com\/alh-editor\/?p=27525"},"modified":"2024-06-20T12:44:32","modified_gmt":"2024-06-20T10:44:32","slug":"warum-wir-uns-oft-vor-dem-falschen-fuerchten","status":"publish","type":"post","link":"https:\/\/c01.purpledshub.com\/alh-editor\/2024\/06\/20\/warum-wir-uns-oft-vor-dem-falschen-fuerchten\/","title":{"rendered":"Warum wir uns oft vor dem Falschen f\u00fcrchten"},"content":{"rendered":"\n<h2 id=\"h-vor-welchen-risiken-wir-uns-f-rchten\">Vor welchen Risiken wir uns f\u00fcrchten<\/h2>\n\n\n\n<p>In regelm\u00e4\u00dfigen Abst\u00e4nden befragt das Bundesinstitut f\u00fcr Risikobewertung BfR Verbraucherinnen und Verbraucher nach Gesundheitsrisiken, die ihnen die gr\u00f6\u00dften Sorgen bereiten. Im j\u00fcngsten Bericht auf den drei vordersten Pl\u00e4tzen:<\/p>\n\n\n<figure><img src=\"https:\/\/c01.purpledshub.com\/alh-editor\/wp-content\/themes\/alh\/assets\/img\/previews\/alh-list.jpeg\"><\/figure>\n\n\n<p>Pestizide wurden ebenfalls h\u00e4ufig benannt. Andere Umfragen zeigen: Auch Antibiotikaresistenzen und Mikroplastik in Nahrung und Kosmetik bereiten vielen Menschen Sorgen.<\/p>\n\n\n\n<p>Wenngleich viele der benannten Themen tats\u00e4chlich besorgniserregend sind \u2013 rein statistisch betrachtet stellen sie f\u00fcr uns aktuell nicht die gr\u00f6\u00dften Risiken dar. Zwischen gef\u00fchltem und tats\u00e4chlichem Risiko liegt eine Diskrepanz \u2013 eine T\u00e4uschung, die menschlich ist.<\/p>\n\n\n\n<h2 id=\"h-die-wahren-killer\">Die wahren \u201eKiller\u201c<\/h2>\n\n\n\n<p>Was sind die tats\u00e4chlichen Risiken? Die meisten Menschen sterben hierzulande an <strong>Herz-Kreislauferkrankungen<\/strong>, an Platz zwei stehen die <strong>Krebsleiden<\/strong>. Diese Erkrankungen entstehen in einem Zusammenspiel von vielen Faktoren \u2013 manche lassen sich leider nicht vermeiden, andere hingegen schon. Zu den wichtigsten vermeidbaren Faktoren z\u00e4hlen:<\/p>\n\n\n<figure><img src=\"https:\/\/c01.purpledshub.com\/alh-editor\/wp-content\/themes\/alh\/assets\/img\/previews\/alh-list.jpeg\"><\/figure>\n\n\n<p>Das Deutsche Krebsforschungszentrum DKFZ sch\u00e4tzt, dass sogar rund ein Drittel aller Krebserkrankungen durch Verhaltens\u00e4nderungen vermeidbar w\u00e4ren.<\/p>\n\n\n\n<h2 id=\"h-warum-nehmen-wir-risiken-verzerrt-wahr\">Warum nehmen wir Risiken verzerrt wahr?<\/h2>\n\n\n\n<p>Wie Menschen Risiken einsch\u00e4tzen, h\u00e4ngt von verschiedenen psychologischen Faktoren ab. Beispielsweise davon, ob es sich um ein Risiko handelt, das sie freiwillig eingehen und von dem sie meinen, dass sie es selbst beeinflussen k\u00f6nnen.<\/p>\n\n\n\n<p>Unser t\u00e4gliches Zuwenig an Sport und Bewegung, der Wein jeden Abend, und der Verzicht auf j\u00e4hrliche Grippeimpfung beunruhigen uns deshalb weniger \u2013 wir wissen, dass diese Verhaltensweisen nicht gut sind, untersch\u00e4tzen aber oft die Gr\u00f6\u00dfenordnung des daraus folgenden Risikos. Zudem lassen sich schleichende Risiken wie etwa jene durch falsche Ern\u00e4hrung oder Bewegungsmangel leicht verdr\u00e4ngen.<\/p>\n\n\n\n<p>Hingegen beunruhigen uns Bedrohungen wie unerw\u00fcnschte Substanzen in der Nahrung oder Antibiotikaresistenzen vergleichsweise stark \u2013 sie kommen von au\u00dfen und sind der Kontrolle des Einzelnen entzogen. Daher neigen wir dazu, ihre Gefahr f\u00fcr uns selbst zu \u00fcbersch\u00e4tzen.<\/p>\n\n\n\n<h2 id=\"h-wir-alle-haben-eine-optimismus-verzerrung\">Wir alle haben eine \u201eOptimismus-Verzerrung\u201c<\/h2>\n\n\n\n<p>Viele Menschen sch\u00e4tzen ihr eigenes Risiko, an einer Krankheit zu erkranken oder einen Schaden zu erleiden, als geringer ein als das von anderen. Dieses Ph\u00e4nomen nennt sich in der Psychologie \u201eOptimismus-Verzerrung\u201c \u2013 fast alle Menschen neigen dazu.<\/p>\n\n\n\n<p>Optimismus ist grunds\u00e4tzlich etwas Gutes, da er uns hilft, motiviert zu bleiben und mit schwierigen Situationen fertig zu werden. Andererseits aber sorgt die Optimismus-Verzerrung beispielsweise daf\u00fcr, dass wir Verhaltensweisen, die wir selbst zum Wohle unserer Gesundheit beachten sollten, nicht oder zu sp\u00e4t umsetzen.<\/p>\n\n\n\n<h2 id=\"h-das-pr-ventionsparadox\">Das Pr\u00e4ventionsparadox<\/h2>\n\n\n\n<p>Ob regelm\u00e4\u00dfige Impfungen gegen Grippe, Corona oder andere Erkrankungen: Manche Menschen sind impfm\u00fcde oder lassen sich sogar aus \u00dcberzeugung nicht impfen. Hier wirkt oft das so genannte Pr\u00e4ventionsparadox: Weil durch Impfungen Infektionskrankheiten weniger schwer verlaufen, oder sogar vollst\u00e4ndig verhindert werden, verlieren wir das Gef\u00fchl f\u00fcr die Gefahren, die diese Erkrankungen ohne Impfungen mit sich bringen w\u00fcrden.<\/p>\n\n\n\n<p>So kann der Eindruck entstehen, dass die Impfung selbst riskanter sein k\u00f6nnte als die Krankheit, gegen die die Impfung sch\u00fctzt. Tats\u00e4chlich aber erhalten Impfungen nur eine Zulassung, wenn sie ein sogenanntes positives Nutzen-Risiko-Verh\u00e4ltnis nachweisen k\u00f6nnen: Der Nutzen durch die Impfung muss f\u00fcr die Bev\u00f6lkerung deutlich gr\u00f6\u00dfer sein als der Schaden durch m\u00f6gliche Nebenwirkungen.<\/p>\n","protected":false},"excerpt":{"rendered":"<p>Antibiotikaresistenzen, Mikroplastik oder Pestizide beunruhigen viele Menschen. Andere Gesundheitsrisiken sorgen uns dagegen weniger \u2013 obwohl sie viel h\u00e4ufiger sind. Zwischen gef\u00fchltem und tats\u00e4chlichem Risiko liegt oft eine erhebliche Diskrepanz. Woran liegt es, dass wir Gesundheitsrisiken oft so verzerrt wahrnehmen?<\/p>\n","protected":false},"author":6386,"featured_media":27526,"comment_status":"closed","ping_status":"open","sticky":false,"template":"","format":"standard","meta":{"purple_page_number":"","purple_custom_meta_purple_page_number":"","purple_seq_number":"","purple_custom_meta_purple_seq_number":"","purple_source_article":"","purple_custom_meta_purple_source_article":"","purple_source_issue":"","purple_custom_meta_purple_source_issue":"","purple_external_id":"","purple_custom_meta_purple_external_id":"","purple_issue_code":"","purple_custom_meta_purple_issue_code":"","purple_android_product":"","purple_custom_meta_purple_android_product":"","purple_ios_product":"","purple_custom_meta_purple_ios_product":"","purple_web_product":"","purple_custom_meta_purple_web_product":"","purple_publication_id":"","purple_migrated":""},"categories":[8],"tags":[111,116],"uagb_featured_image_src":{"full":["https:\/\/c01.purpledshub.com\/uploads\/sites\/89\/2024\/06\/mikroplastik-im-essen-burger-aus-plastiktueten.jpg",2400,1600,false],"thumbnail":["https:\/\/c01.purpledshub.com\/uploads\/sites\/89\/2024\/06\/mikroplastik-im-essen-burger-aus-plastiktueten.jpg?resize=150%2C150&crop_strategy=smart",150,150,true],"medium":["https:\/\/c01.purpledshub.com\/uploads\/sites\/89\/2024\/06\/mikroplastik-im-essen-burger-aus-plastiktueten.jpg?fit=300%2C300",300,200,true],"medium_large":["https:\/\/c01.purpledshub.com\/uploads\/sites\/89\/2024\/06\/mikroplastik-im-essen-burger-aus-plastiktueten.jpg?fit=768%2C512",768,512,true],"large":["https:\/\/c01.purpledshub.com\/uploads\/sites\/89\/2024\/06\/mikroplastik-im-essen-burger-aus-plastiktueten.jpg?fit=1024%2C1024",1024,683,true],"1536x1536":["https:\/\/c01.purpledshub.com\/uploads\/sites\/89\/2024\/06\/mikroplastik-im-essen-burger-aus-plastiktueten.jpg?fit=1536%2C1536",1536,1024,true],"2048x2048":["https:\/\/c01.purpledshub.com\/uploads\/sites\/89\/2024\/06\/mikroplastik-im-essen-burger-aus-plastiktueten.jpg?fit=2048%2C1600",2048,1365,true],"slider-banner":["https:\/\/c01.purpledshub.com\/uploads\/sites\/89\/2024\/06\/mikroplastik-im-essen-burger-aus-plastiktueten.jpg?fit=1920%2C1600",1920,1280,true],"post-banner":["https:\/\/c01.purpledshub.com\/uploads\/sites\/89\/2024\/06\/mikroplastik-im-essen-burger-aus-plastiktueten.jpg?fit=1920%2C1600",1920,1280,true],"large_image":["https:\/\/c01.purpledshub.com\/uploads\/sites\/89\/2024\/06\/mikroplastik-im-essen-burger-aus-plastiktueten.jpg?fit=1920%2C1280",1920,1280,true],"medium_image":["https:\/\/c01.purpledshub.com\/uploads\/sites\/89\/2024\/06\/mikroplastik-im-essen-burger-aus-plastiktueten.jpg?fit=1024%2C1024",1024,683,true],"small_image":["https:\/\/c01.purpledshub.com\/uploads\/sites\/89\/2024\/06\/mikroplastik-im-essen-burger-aus-plastiktueten.jpg?fit=800%2C800",800,533,true]},"uagb_author_info":{"display_name":"stefan.eckner@alte-leipziger.de","author_link":"https:\/\/c01.purpledshub.com\/alh-editor\/author\/stefan-eckneralte-leipziger-de\/"},"uagb_comment_info":0,"uagb_excerpt":"Antibiotikaresistenzen, Mikroplastik oder Pestizide beunruhigen viele Menschen. Andere Gesundheitsrisiken sorgen uns dagegen weniger \u2013 obwohl sie viel h\u00e4ufiger sind. Zwischen gef\u00fchltem und tats\u00e4chlichem Risiko liegt oft eine erhebliche Diskrepanz. Woran liegt es, dass wir Gesundheitsrisiken oft so verzerrt wahrnehmen?","_links":{"self":[{"href":"https:\/\/c01.purpledshub.com\/alh-editor\/wp-json\/wp\/v2\/posts\/27525"}],"collection":[{"href":"https:\/\/c01.purpledshub.com\/alh-editor\/wp-json\/wp\/v2\/posts"}],"about":[{"href":"https:\/\/c01.purpledshub.com\/alh-editor\/wp-json\/wp\/v2\/types\/post"}],"author":[{"embeddable":true,"href":"https:\/\/c01.purpledshub.com\/alh-editor\/wp-json\/wp\/v2\/users\/6386"}],"replies":[{"embeddable":true,"href":"https:\/\/c01.purpledshub.com\/alh-editor\/wp-json\/wp\/v2\/comments?post=27525"}],"version-history":[{"count":13,"href":"https:\/\/c01.purpledshub.com\/alh-editor\/wp-json\/wp\/v2\/posts\/27525\/revisions"}],"predecessor-version":[{"id":27539,"href":"https:\/\/c01.purpledshub.com\/alh-editor\/wp-json\/wp\/v2\/posts\/27525\/revisions\/27539"}],"wp:featuredmedia":[{"embeddable":true,"href":"https:\/\/c01.purpledshub.com\/alh-editor\/wp-json\/wp\/v2\/media\/27526"}],"wp:attachment":[{"href":"https:\/\/c01.purpledshub.com\/alh-editor\/wp-json\/wp\/v2\/media?parent=27525"}],"wp:term":[{"taxonomy":"category","embeddable":true,"href":"https:\/\/c01.purpledshub.com\/alh-editor\/wp-json\/wp\/v2\/categories?post=27525"},{"taxonomy":"post_tag","embeddable":true,"href":"https:\/\/c01.purpledshub.com\/alh-editor\/wp-json\/wp\/v2\/tags?post=27525"}],"curies":[{"name":"wp","href":"https:\/\/api.w.org\/{rel}","templated":true}]}}